{"id":2340,"date":"2026-06-27T05:55:20","date_gmt":"2026-06-27T03:55:20","guid":{"rendered":"http:\/\/spdwoelfersheim.de\/?p=2340"},"modified":"2026-06-15T10:31:45","modified_gmt":"2026-06-15T08:31:45","slug":"abschied","status":"publish","type":"post","link":"http:\/\/spdwoelfersheim.de\/?p=2340","title":{"rendered":"Abschied"},"content":{"rendered":"<p>Mit gro\u00dfer Trauer nehmen wir Abschied von zwei engagierten Sozialdemokraten, die sich \u00fcber viele Jahre mit gro\u00dfem Einsatz f\u00fcr das Wohl der B\u00fcrgerinnen und B\u00fcrger eingesetzt haben.<\/p>\n<p>Am 05. M\u00e4rz verstarb unser ehemaliger Landrat Rolf Gnadl. Von 1979 bis 1992 war er B\u00fcrgermeister der Gemeinde Glauburg, bevor er 1992 erstmals zum Landrat des Wetteraukreises gew\u00e4hlt wurde. In den Jahren 1997 und 2003 best\u00e4tigten ihn die B\u00fcrgerinnen und B\u00fcrger eindrucksvoll in seinem Amt. Bis zu seinem Ausscheiden im Jahr 2008 pr\u00e4gte Rolf Gnadl die Entwicklung des Wetteraukreises mit Weitsicht, Verl\u00e4sslichkeit und gro\u00dfem pers\u00f6nlichem Engagement. Sein Wirken bleibt unvergessen.<\/p>\n<p>Ebenfalls am 05. M\u00e4rz verstarb Horst Maul. Von 1993 bis 2011 geh\u00f6rte er der Gemeindevertretung W\u00f6lfersheim an. F\u00fcr seine langj\u00e4hrige kommunalpolitische Arbeit wurde ihm nach seinem Ausscheiden die Ehrenbezeichnung \u201eEhrengemeindevertreter\u201c verliehen. Unser Gemeinwohl lag ihm am Herzen, sowohl in seiner T\u00e4tigkeit als Gemeindevertreter, als auch als Mitarbeiter der Gemeinde (von 1979 \u2013 2004) im Bauhof und als stellvertretender Bauhofleiter. Dar\u00fcber hinaus engagierte sich Horst Maul viele Jahre mit gro\u00dfer Leidenschaft in zahlreichen W\u00f6lfersheimer Vereinen und war tief in der Gemeinde verwurzelt.<\/p>\n<p>Mit Rolf Gnadl und Horst Maul verlieren wir zwei Menschen, die unsere Gemeinde und unsere Region nachhaltig mitgestaltet haben. Ihr Einsatz, ihre Haltung und ihre Verbundenheit mit den Menschen werden uns in dankbarer Erinnerung bleiben.<\/p>\n<p>Die SPD W\u00f6lfersheim wird beiden Verstorbenen stets ein ehrendes Andenken bewahren.<\/p>\n","protected":false},"excerpt":{"rendered":"<p>Mit gro\u00dfer Trauer nehmen wir Abschied von zwei engagierten Sozialdemokraten, die sich \u00fcber viele Jahre mit gro\u00dfem Einsatz f\u00fcr das Wohl der B\u00fcrgerinnen und B\u00fcrger eingesetzt haben. Am 05. M\u00e4rz verstarb unser ehemaliger Landrat Rolf Gnadl. Von 1979 bis 1992 war er B\u00fcrgermeister der Gemeinde Glauburg, bevor er 1992 erstmals zum Landrat des Wetteraukreises gew\u00e4hlt [&hellip;]<\/p>\n","protected":false},"author":6,"featured_media":2341,"comment_status":"closed","ping_status":"open","sticky":false,"template":"","format":"standard","meta":{"rop_custom_images_group":[],"rop_custom_messages_group":[],"rop_publish_now":"no","rop_publish_now_accounts":[],"rop_publish_now_history":[],"rop_publish_now_status":"pending","footnotes":""},"categories":[1],"tags":[836],"class_list":["post-2340","post","type-post","status-publish","format-standard","has-post-thumbnail","hentry","category-allgemein","tag-abschied"],"_links":{"self":[{"href":"http:\/\/spdwoelfersheim.de\/index.php?rest_route=\/wp\/v2\/posts\/2340","targetHints":{"allow":["GET"]}}],"collection":[{"href":"http:\/\/spdwoelfersheim.de\/index.php?rest_route=\/wp\/v2\/posts"}],"about":[{"href":"http:\/\/spdwoelfersheim.de\/index.php?rest_route=\/wp\/v2\/types\/post"}],"author":[{"embeddable":true,"href":"http:\/\/spdwoelfersheim.de\/index.php?rest_route=\/wp\/v2\/users\/6"}],"replies":[{"embeddable":true,"href":"http:\/\/spdwoelfersheim.de\/index.php?rest_route=%2Fwp%2Fv2%2Fcomments&post=2340"}],"version-history":[{"count":1,"href":"http:\/\/spdwoelfersheim.de\/index.php?rest_route=\/wp\/v2\/posts\/2340\/revisions"}],"predecessor-version":[{"id":2342,"href":"http:\/\/spdwoelfersheim.de\/index.php?rest_route=\/wp\/v2\/posts\/2340\/revisions\/2342"}],"wp:featuredmedia":[{"embeddable":true,"href":"http:\/\/spdwoelfersheim.de\/index.php?rest_route=\/wp\/v2\/media\/2341"}],"wp:attachment":[{"href":"http:\/\/spdwoelfersheim.de\/index.php?rest_route=%2Fwp%2Fv2%2Fmedia&parent=2340"}],"wp:term":[{"taxonomy":"category","embeddable":true,"href":"http:\/\/spdwoelfersheim.de\/index.php?rest_route=%2Fwp%2Fv2%2Fcategories&post=2340"},{"taxonomy":"post_tag","embeddable":true,"href":"http:\/\/spdwoelfersheim.de\/index.php?rest_route=%2Fwp%2Fv2%2Ftags&post=2340"}],"curies":[{"name":"wp","href":"https:\/\/api.w.org\/{rel}","templated":true}]}}