{"id":2343,"date":"2026-07-04T05:55:52","date_gmt":"2026-07-04T03:55:52","guid":{"rendered":"http:\/\/spdwoelfersheim.de\/?p=2343"},"modified":"2026-06-15T10:38:24","modified_gmt":"2026-06-15T08:38:24","slug":"unsere-vertreterinnen-und-vertreter-in-den-gremien","status":"publish","type":"post","link":"http:\/\/spdwoelfersheim.de\/?p=2343","title":{"rendered":"Unsere Vertreterinnen und Vertreter in den Gremien"},"content":{"rendered":"<p>Unsere Vertreterinnen und Vertreter in den Gremien<\/p>\n<p>Im 6-k\u00f6pfigen Gemeindevorstand sind neben B\u00fcrgermeister Eike See, die Erste Beigeordnete Carmen K\u00f6rschner (W\u00f6lfersheim), der Beigeordnete Michael Schmidt (S\u00f6del), der Beigeordnete Karl Ernst Pulkert (S\u00f6del), der Beigeordnete Gerhard Fuchs (W\u00f6lfersheim) und der Beigeordnete Thomas Gerlach (Melbach) t\u00e4tig.<\/p>\n<p>In der 31-k\u00f6pfigen Gemeindevertretung (Parlament) sind folgende 18 SPD-Vertreterinnen und Vertreter f\u00fcr Sie aktiv:<\/p>\n<p>Ortsteil W\u00f6lfersheim | Matthias Appel (Fraktionsvorsitzender), Stefan Bodem, Jens Dieffenbach, Angelika Fischer, Simone Hartmannshenn, Loni Konietzke, Bettina Skottke und Gerhard Weber (Vorsitzender der Gemeindevertretung)<\/p>\n<p>Ortsteil S\u00f6del | Marie-Therese Arnold, Simone Eben, Tim Grie\u00dfhammer, Sven Oleschko und Felicitas Ziegler<\/p>\n<p>Ortsteil Melbach | Nina Gerlach und Kerstin Mularcik<\/p>\n<p>Ortsteil Berstadt | Sascha Zon und Karl Otto Waas<\/p>\n<p>Ortsteil Wohnbach | Andreas Bommersheim<\/p>\n<p>Die drei Fachaussch\u00fcsse wurden gebildet:<\/p>\n<p>Vorsitzender des Haupt- und Finanzausschusses ist Stefan Bodem.<\/p>\n<p>Vorsitzender des Ausschusses f\u00fcr Stadtplanung und Bauwesen, Landwirtschaft und Umwelt ist Jens Dieffenbach.<\/p>\n<p>Vorsitzende des Ausschusses f\u00fcr Sport und Kultur, Jugend und Soziales ist Nina Gerlach.<\/p>\n","protected":false},"excerpt":{"rendered":"<p>Unsere Vertreterinnen und Vertreter in den Gremien Im 6-k\u00f6pfigen Gemeindevorstand sind neben B\u00fcrgermeister Eike See, die Erste Beigeordnete Carmen K\u00f6rschner (W\u00f6lfersheim), der Beigeordnete Michael Schmidt (S\u00f6del), der Beigeordnete Karl Ernst Pulkert (S\u00f6del), der Beigeordnete Gerhard Fuchs (W\u00f6lfersheim) und der Beigeordnete Thomas Gerlach (Melbach) t\u00e4tig. In der 31-k\u00f6pfigen Gemeindevertretung (Parlament) sind folgende 18 SPD-Vertreterinnen und Vertreter [&hellip;]<\/p>\n","protected":false},"author":6,"featured_media":0,"comment_status":"closed","ping_status":"open","sticky":false,"template":"","format":"standard","meta":{"rop_custom_images_group":[],"rop_custom_messages_group":[],"rop_publish_now":"no","rop_publish_now_accounts":[],"rop_publish_now_history":[],"rop_publish_now_status":"pending","footnotes":""},"categories":[1],"tags":[838,839,837],"class_list":["post-2343","post","type-post","status-publish","format-standard","hentry","category-allgemein","tag-gremien","tag-vertreter","tag-vertreterinnen"],"_links":{"self":[{"href":"http:\/\/spdwoelfersheim.de\/index.php?rest_route=\/wp\/v2\/posts\/2343","targetHints":{"allow":["GET"]}}],"collection":[{"href":"http:\/\/spdwoelfersheim.de\/index.php?rest_route=\/wp\/v2\/posts"}],"about":[{"href":"http:\/\/spdwoelfersheim.de\/index.php?rest_route=\/wp\/v2\/types\/post"}],"author":[{"embeddable":true,"href":"http:\/\/spdwoelfersheim.de\/index.php?rest_route=\/wp\/v2\/users\/6"}],"replies":[{"embeddable":true,"href":"http:\/\/spdwoelfersheim.de\/index.php?rest_route=%2Fwp%2Fv2%2Fcomments&post=2343"}],"version-history":[{"count":1,"href":"http:\/\/spdwoelfersheim.de\/index.php?rest_route=\/wp\/v2\/posts\/2343\/revisions"}],"predecessor-version":[{"id":2344,"href":"http:\/\/spdwoelfersheim.de\/index.php?rest_route=\/wp\/v2\/posts\/2343\/revisions\/2344"}],"wp:attachment":[{"href":"http:\/\/spdwoelfersheim.de\/index.php?rest_route=%2Fwp%2Fv2%2Fmedia&parent=2343"}],"wp:term":[{"taxonomy":"category","embeddable":true,"href":"http:\/\/spdwoelfersheim.de\/index.php?rest_route=%2Fwp%2Fv2%2Fcategories&post=2343"},{"taxonomy":"post_tag","embeddable":true,"href":"http:\/\/spdwoelfersheim.de\/index.php?rest_route=%2Fwp%2Fv2%2Ftags&post=2343"}],"curies":[{"name":"wp","href":"https:\/\/api.w.org\/{rel}","templated":true}]}}