{"id":2345,"date":"2026-07-11T05:55:48","date_gmt":"2026-07-11T03:55:48","guid":{"rendered":"http:\/\/spdwoelfersheim.de\/?p=2345"},"modified":"2026-06-15T10:38:24","modified_gmt":"2026-06-15T08:38:24","slug":"gemeinsam-weiter-fuer-woelfersheim","status":"publish","type":"post","link":"http:\/\/spdwoelfersheim.de\/?p=2345","title":{"rendered":"Gemeinsam weiter f\u00fcr W\u00f6lfersheim"},"content":{"rendered":"<p>Die Kommunalwahl im M\u00e4rz hat gezeigt: Die Menschen in W\u00f6lfersheim wollen, dass unsere Gemeinde den erfolgreichen Weg der vergangenen Jahre weitergeht. Auch in diesem Jahr stehen zahlreiche wichtige Ma\u00dfnahmen an, die W\u00f6lfersheim in allen Ortsteilen voranbringen werden. Viele davon kn\u00fcpfen direkt an die Projekte an, die wir in den vergangenen Jahren auf den Weg gebracht haben.<\/p>\n<p>Ein besonderer Schwerpunkt liegt dabei auf der Freizeit- und Lebensqualit\u00e4t in unserer Gemeinde. Der Bau des neuen Skateparks steht unmittelbar bevor. Damit schaffen wir ein modernes Angebot f\u00fcr Kinder, Jugendliche und Familien und investieren gezielt in einen Ort der Begegnung und Bewegung. Ein weiteres Highlight wird auch in diesem Jahr wieder der \u201eSommer am See\u201c am W\u00f6lfersheimer See sein. \u00dcber zwei Wochen hinweg wird die Arena am See erneut zum kulturellen Mittelpunkt der Region. Nationale und internationale K\u00fcnstlerinnen und K\u00fcnstler werden in W\u00f6lfersheim zu Gast sein und zeigen, dass Kultur auch im l\u00e4ndlichen Raum auf h\u00f6chstem Niveau stattfinden kann. Besonders wichtig ist uns dabei: Kultur soll f\u00fcr alle zug\u00e4nglich sein. Deshalb wird es erneut acht kostenlose Konzerte unter der Woche, Kinderkulturveranstaltungen und einen Seniorennachmittag geben.<\/p>\n<p>Gleichzeitig treiben wir wichtige Projekte im Bereich Umwelt und Energie weiter voran. Die geplanten Photovoltaikparks an der Autobahn und am W\u00f6lfersheimer See werden einen bedeutenden Beitrag zur nachhaltigen Energieversorgung leisten. Damit st\u00e4rken wir nicht nur den Klimaschutz, sondern auch die Zukunftsf\u00e4higkeit unserer Gemeinde. Bereits heute zeigt die neue Fassaden-Photovoltaikanlage am Dorfgemeinschaftshaus Melbach und die neue PV-Anlage auf der Wetterauhalle, wie moderne und innovative Energiegewinnung im kommunalen Bereich funktionieren kann.<\/p>\n<p>Direkt gegen\u00fcber des Dorfgemeinschaftshauses in Melbach soll ein neuer Kindergarten entstehen, dessen Entwicklung ebenfalls weiter vorbereitet wird.<\/p>\n<p>Auch im Bereich der \u00f6ffentlichen Geb\u00e4ude und Vereinsanlagen stehen wichtige Investitionen an. Die Turn- und Sporthalle S\u00f6del wird neu gebaut. Dazu laufen aktuell umfangreiche arch\u00e4ologische Untersuchungen, nachdem bei Vorarbeiten ein Gr\u00e4berfeld entdeckt wurde. Durch den Neubau schaffen wir moderne Bedingungen f\u00fcr Schulen, Vereine und den Sport.<\/p>\n<p>In Berstadt wird die Mehrzweckhalle saniert. F\u00fcr die Gastst\u00e4tte konnte bereits ein neuer P\u00e4chter gefunden werden. Im Laufe des Jahres wird die K\u00fcche umfassend saniert, gleichzeitig werden die Kellerr\u00e4ume modernisiert. Von diesen Ma\u00dfnahmen profitieren insbesondere die zahlreichen Vereine und Gruppen, die das Geb\u00e4ude k\u00fcnftig nutzen werden. Auch in Wohnbach investieren wir weiter in die vorhandene Infrastruktur. Die Kegelbahnen in der Turn- und Sporthalle werden saniert und technisch modernisiert. Gerade solche Ma\u00dfnahmen m\u00f6gen auf den ersten Blick kleiner erscheinen, sie sind aber von gro\u00dfer Bedeutung f\u00fcr das Vereinsleben und den gesellschaftlichen Zusammenhalt in unseren Ortsteilen.<\/p>\n<p>F\u00fcr unsere Feuerwehr werden gerade drei Fahrzeuge parallel beschafft. Die alten Fahrzeuge sind bereits mehr als 25 Jahre alt und m\u00fcssen ausgetauscht werden. Die Ausschreibung f\u00fcr zwei dieser Fahrzeuge werden gerade vorbereitet. Das dritte Fahrzeug wird im Laufe des Jahres ausgeliefert.<\/p>\n<p>Dar\u00fcber hinaus werden in allen Ortsteilen kleinere und gr\u00f6\u00dfere Erneuerungen auf den Spielpl\u00e4tzen durchgef\u00fchrt. Die Arbeiten reichen vom Schaukelaustausch bis zur kompletten Neugestaltungen einzelner Spielpl\u00e4tze. Die Ma\u00dfnahmen sind Teil eines Spielplatzkonzeptes, das durch die Gemeindevertretung beschlossen wurde.<\/p>\n<p>Als weiteres sehr wichtiges Projekt ist der Glasfaserausbau zu nennen. Die Arbeiten in W\u00f6lfersheim und S\u00f6del sind abgeschlossen. In Melbach, Wohnbach und Berstadt werden aktuell Kabel verlegt. Die umfangreiche Ma\u00dfnahme in deren Zuge unz\u00e4hlige Gehwege saniert wurden, wird aller voraussichtlich nach im dritten Quartal diesen Jahres abgeschlossen sein.<\/p>\n<p>All diese Projekte zeigen: Wir arbeiten weiter mit klarer Richtung und konkreten Ergebnissen. Unser Ziel bleibt eine Gemeinde, die wirtschaftlich stark, sozial gerecht und lebenswert f\u00fcr alle Generationen ist. Dabei setzen wir weiterhin auf eine Politik, die zuh\u00f6rt, anpackt und Verantwortung \u00fcbernimmt.<\/p>\n<p>Herzliche Gr\u00fc\u00dfe<br \/>\nIhr B\u00fcrgermeister<br \/>\nEike See<\/p>\n","protected":false},"excerpt":{"rendered":"<p>Die Kommunalwahl im M\u00e4rz hat gezeigt: Die Menschen in W\u00f6lfersheim wollen, dass unsere Gemeinde den erfolgreichen Weg der vergangenen Jahre weitergeht. Auch in diesem Jahr stehen zahlreiche wichtige Ma\u00dfnahmen an, die W\u00f6lfersheim in allen Ortsteilen voranbringen werden. Viele davon kn\u00fcpfen direkt an die Projekte an, die wir in den vergangenen Jahren auf den Weg gebracht [&hellip;]<\/p>\n","protected":false},"author":6,"featured_media":2346,"comment_status":"closed","ping_status":"open","sticky":false,"template":"","format":"standard","meta":{"rop_custom_images_group":[],"rop_custom_messages_group":[],"rop_publish_now":"no","rop_publish_now_accounts":[],"rop_publish_now_history":[],"rop_publish_now_status":"pending","footnotes":""},"categories":[1],"tags":[449,728,96],"class_list":["post-2345","post","type-post","status-publish","format-standard","has-post-thumbnail","hentry","category-allgemein","tag-gemeinsam","tag-weiter","tag-woelfersheim"],"_links":{"self":[{"href":"http:\/\/spdwoelfersheim.de\/index.php?rest_route=\/wp\/v2\/posts\/2345","targetHints":{"allow":["GET"]}}],"collection":[{"href":"http:\/\/spdwoelfersheim.de\/index.php?rest_route=\/wp\/v2\/posts"}],"about":[{"href":"http:\/\/spdwoelfersheim.de\/index.php?rest_route=\/wp\/v2\/types\/post"}],"author":[{"embeddable":true,"href":"http:\/\/spdwoelfersheim.de\/index.php?rest_route=\/wp\/v2\/users\/6"}],"replies":[{"embeddable":true,"href":"http:\/\/spdwoelfersheim.de\/index.php?rest_route=%2Fwp%2Fv2%2Fcomments&post=2345"}],"version-history":[{"count":1,"href":"http:\/\/spdwoelfersheim.de\/index.php?rest_route=\/wp\/v2\/posts\/2345\/revisions"}],"predecessor-version":[{"id":2351,"href":"http:\/\/spdwoelfersheim.de\/index.php?rest_route=\/wp\/v2\/posts\/2345\/revisions\/2351"}],"wp:featuredmedia":[{"embeddable":true,"href":"http:\/\/spdwoelfersheim.de\/index.php?rest_route=\/wp\/v2\/media\/2346"}],"wp:attachment":[{"href":"http:\/\/spdwoelfersheim.de\/index.php?rest_route=%2Fwp%2Fv2%2Fmedia&parent=2345"}],"wp:term":[{"taxonomy":"category","embeddable":true,"href":"http:\/\/spdwoelfersheim.de\/index.php?rest_route=%2Fwp%2Fv2%2Fcategories&post=2345"},{"taxonomy":"post_tag","embeddable":true,"href":"http:\/\/spdwoelfersheim.de\/index.php?rest_route=%2Fwp%2Fv2%2Ftags&post=2345"}],"curies":[{"name":"wp","href":"https:\/\/api.w.org\/{rel}","templated":true}]}}