{"id":236,"date":"2015-08-10T19:35:37","date_gmt":"2015-08-10T17:35:37","guid":{"rendered":"http:\/\/spdwoelfersheim.de\/?p=236"},"modified":"2015-08-06T21:39:04","modified_gmt":"2015-08-06T19:39:04","slug":"wie-woelfersheim-von-der-eu-profitiert","status":"publish","type":"post","link":"http:\/\/spdwoelfersheim.de\/?p=236","title":{"rendered":"Wie W\u00f6lfersheim von der EU profitiert"},"content":{"rendered":"<p>Es vergeht derzeit kaum ein Tag, an dem nichts \u00fcber die Europ\u00e4ische Union in den Nachrichten zu lesen ist. Positives wie Frieden, offene Grenzen und eine gemeinsame W\u00e4hrung, aber auch Negatives wie Regulierungswut, B\u00fcrokratie und Geldverschwendung. Bei uns wird das Image der EU k\u00fcnftig ansteigen: Dank eines F\u00f6rderprogrammes namens LEADER bekommt W\u00f6lfersheim k\u00fcnftig Geld aus Br\u00fcssel f\u00fcr Projekte in unserer Gemeinde.<br \/>\nW\u00f6lfersheim ist Teil der F\u00f6rderregion Wetterau\/Oberhessen. Damit es soweit kommen konnte, war viel Arbeit notwendig. Im Rahmen eines aufwendigen Prozesses wurde ein regionales Entwicklungskonzept von der Wirtschaftsf\u00f6rderung Wetterau erarbeitet. Bei allen Sitzungen waren auch Vertreter aus W\u00f6lfersheim dabei, um unsere Interessen zu vertreten. Flexibilit\u00e4t, Kreativit\u00e4t und Geschwindigkeit zeichnen unsere Gemeinde aus, daher ist es kaum \u00fcberraschend, dass der erste Antrag aus Wetterau und Oberhessen ein W\u00f6lfersheimer Antrag ist: Es handelt sich um die Entwicklung eines Programms, mit dessen Hilfe unsere Vereine besser \u00fcber ihre Arbeit und Aktivit\u00e4ten berichten k\u00f6nnen. Es soll helfen, die Vereine als wichtige S\u00e4ule unserer Gesellschaft zu f\u00f6rdern und somit zu erhalten. Sebastian G\u00f6bel ist nicht nur Vorsitzender der Melbacher SPD, sondern auch als Rathausmitarbeiter f\u00fcr kulturelle Projekte verantwortlich. Er pr\u00e4sentierte das von ihm erarbeitete Projekt \u201eVerein 3.0\u201c sehr \u00fcberzeugend  vor den Entscheidungstr\u00e4gern im F\u00f6rderbeirat und einem Regionalforum mit Vertretern aller Kommunen. Das erste Geld, das Br\u00fcssel in unsere Region \u00fcberweist, wird somit aller Voraussicht nach unseren Vereinen zu gute kommen!<br \/>\nManfred Sauer&nbsp;<\/p>\n","protected":false},"excerpt":{"rendered":"<p>Es vergeht derzeit kaum ein Tag, an dem nichts \u00fcber die Europ\u00e4ische Union in den Nachrichten zu lesen ist. Positives wie Frieden, offene Grenzen und eine gemeinsame W\u00e4hrung, aber auch Negatives wie Regulierungswut, B\u00fcrokratie und Geldverschwendung. Bei uns wird das Image der EU k\u00fcnftig ansteigen: Dank eines F\u00f6rderprogrammes namens LEADER bekommt W\u00f6lfersheim k\u00fcnftig Geld aus [&hellip;]<\/p>\n","protected":false},"author":2,"featured_media":0,"comment_status":"closed","ping_status":"open","sticky":false,"template":"","format":"standard","meta":{"rop_custom_images_group":[],"rop_custom_messages_group":[],"rop_publish_now":"initial","rop_publish_now_accounts":[],"rop_publish_now_history":[],"rop_publish_now_status":"pending","footnotes":""},"categories":[1],"tags":[88,89,90,91],"class_list":["post-236","post","type-post","status-publish","format-standard","hentry","category-allgemein","tag-eu","tag-leader","tag-leader-wetterau","tag-spd-leader"],"_links":{"self":[{"href":"http:\/\/spdwoelfersheim.de\/index.php?rest_route=\/wp\/v2\/posts\/236","targetHints":{"allow":["GET"]}}],"collection":[{"href":"http:\/\/spdwoelfersheim.de\/index.php?rest_route=\/wp\/v2\/posts"}],"about":[{"href":"http:\/\/spdwoelfersheim.de\/index.php?rest_route=\/wp\/v2\/types\/post"}],"author":[{"embeddable":true,"href":"http:\/\/spdwoelfersheim.de\/index.php?rest_route=\/wp\/v2\/users\/2"}],"replies":[{"embeddable":true,"href":"http:\/\/spdwoelfersheim.de\/index.php?rest_route=%2Fwp%2Fv2%2Fcomments&post=236"}],"version-history":[{"count":1,"href":"http:\/\/spdwoelfersheim.de\/index.php?rest_route=\/wp\/v2\/posts\/236\/revisions"}],"predecessor-version":[{"id":237,"href":"http:\/\/spdwoelfersheim.de\/index.php?rest_route=\/wp\/v2\/posts\/236\/revisions\/237"}],"wp:attachment":[{"href":"http:\/\/spdwoelfersheim.de\/index.php?rest_route=%2Fwp%2Fv2%2Fmedia&parent=236"}],"wp:term":[{"taxonomy":"category","embeddable":true,"href":"http:\/\/spdwoelfersheim.de\/index.php?rest_route=%2Fwp%2Fv2%2Fcategories&post=236"},{"taxonomy":"post_tag","embeddable":true,"href":"http:\/\/spdwoelfersheim.de\/index.php?rest_route=%2Fwp%2Fv2%2Ftags&post=236"}],"curies":[{"name":"wp","href":"https:\/\/api.w.org\/{rel}","templated":true}]}}