{"id":345,"date":"2015-09-13T19:25:53","date_gmt":"2015-09-13T17:25:53","guid":{"rendered":"http:\/\/spdwoelfersheim.de\/?p=345"},"modified":"2015-09-13T19:28:43","modified_gmt":"2015-09-13T17:28:43","slug":"nostalgische-erinnerungen-beim-besuch-der-spd-fraktion-in-der-alten-woelfersheimer-grundschule","status":"publish","type":"post","link":"http:\/\/spdwoelfersheim.de\/?p=345","title":{"rendered":"Nostalgische Erinnerungen beim Besuch der SPD Fraktion in der alten W\u00f6lfersheimer Grundschule"},"content":{"rendered":"<p>Anfang des Jahres \u00fcberschlugen sich am Schulstandort W\u00f6lfersheim die Ereignisse: Nachdem das Hessische Kultusministerium die Genehmigung der Oberstufe angek\u00fcndigt hatte, verhandelte die Gemeinde im Eiltempo einen Umsetzungsvertrag mit dem Wetteraukreis, damit die Oberstufe erfolgreich starten kann. Die W\u00f6lfersheimer SPD hat die Einrichtung der Oberstufe immer vorbehaltlos unterst\u00fctzt und die entsprechenden Beschl\u00fcsse stets mitgetragen. Daher wollte sich die SPD-Fraktion nun rechtzeitig zum Schulbeginn ein Bild von der Umsetzung der vereinbarten Renovierungsma\u00dfnahmen machen. Das leerstehende Geb\u00e4ude der fr\u00fcheren W\u00f6lfersheimer Grundschule war z\u00fcgig als Anfangsunterkunft f\u00fcr die neue Oberstufe renoviert worden. \u201eMit dem Start der Oberstufe in der kommenden Woche bietet die Gemeinde W\u00f6lfersheim f\u00fcr die Kinder unserer l\u00e4ndlichen Region ein Bildungsspektrum, wie es nie zuvor in unserer Geschichte m\u00f6glich war,\u201c unterstreicht Fraktionschef Karl Ernst Pulkert bei der Begehung der alten Grundschule. \u201eDas Ganze war ein enormer Kraftakt bis zur Genehmigung der Oberstufe, aber auch bis zum m\u00f6glichen Start in der kommenden Woche. Viele Bauma\u00dfnahmen waren notwendig und mussten flexibel und kreativ umgesetzt werden. Im Namen der SPD-Fraktion m\u00f6chte ich allen Beteiligten herzlich danken.\u201c B\u00fcrgermeister Rouven K\u00f6tter f\u00fchrte durch das Geb\u00e4ude, das er selbst noch als Grundsch\u00fcler besucht hatte und berichtete von den Sanierungsma\u00dfnahmen. \u201eDie Mitarbeiter des Bauhofes haben gemeinsam mit Mitarbeitern des Kreises, externer Unterst\u00fctzung und unter Mithilfe von W\u00f6lfersheimer Fl\u00fcchtlingen hervorragende Arbeit geleistet. Die Oberstufe kann am Montag problemlos starten, die historische Grundschule wird ein w\u00fcrdiges Domizil in der Anfangszeit sein. Ich mag das Ambiente dieses Geb\u00e4udes sehr und freue mich schon auf die Diskussionen und Ideen zur Anschlussnutzung, wenn der Oberstufenneubau fertig ist und die Grundschule wieder leer steht. Die nun erfolgten Bauma\u00dfnahmen werden jedenfalls nicht umsonst gewesen sein,\u201c so K\u00f6tter. Die R\u00e4umlichkeiten erweckten bei den SPD-Fraktionsmitgliedern doch einige Erinnerungen an die eigene Schulzeit. Auch die Vorsitzende des Sozialausschuss Rita Rie\u00df war hier Sch\u00fclerin gewesen und zeigte sich erfreut \u00fcber die gelungene Umsetzung der Ma\u00dfnahmen: \u201eHier hat sich wirklich in den vergangenen Wochen Erstaunliches bewegt. Wir w\u00fcnschen allen Sch\u00fclerinnen und Sch\u00fclern &#8211; egal in welcher Schulform &#8211; einen guten Start ins neue Schuljahr. Die W\u00f6lfersheimer SPD wird den Schulstandort W\u00f6lfersheim auch zuk\u00fcnftig bestm\u00f6glich unterst\u00fctzen, weil es die gesamte Region st\u00e4rkt\u201c<\/p>\n<p><a href=\"http:\/\/spdwoelfersheim.de\/wp-content\/uploads\/2015\/09\/IMG_2623.jpg\"><img loading=\"lazy\" decoding=\"async\" class=\"alignnone size-thumbnail wp-image-342\" src=\"http:\/\/spdwoelfersheim.de\/wp-content\/uploads\/2015\/09\/IMG_2623-150x150.jpg\" alt=\"IMG_2623.JPG\" width=\"150\" height=\"150\" srcset=\"http:\/\/spdwoelfersheim.de\/wp-content\/uploads\/2015\/09\/IMG_2623-150x150.jpg 150w, http:\/\/spdwoelfersheim.de\/wp-content\/uploads\/2015\/09\/IMG_2623-200x200.jpg 200w\" sizes=\"auto, (max-width: 150px) 100vw, 150px\" \/><\/a> <a href=\"http:\/\/spdwoelfersheim.de\/wp-content\/uploads\/2015\/09\/IMG_2625.jpg\"><img loading=\"lazy\" decoding=\"async\" class=\"alignnone size-thumbnail wp-image-341\" src=\"http:\/\/spdwoelfersheim.de\/wp-content\/uploads\/2015\/09\/IMG_2625-150x150.jpg\" alt=\"IMG_2625.JPG\" width=\"150\" height=\"150\" srcset=\"http:\/\/spdwoelfersheim.de\/wp-content\/uploads\/2015\/09\/IMG_2625-150x150.jpg 150w, http:\/\/spdwoelfersheim.de\/wp-content\/uploads\/2015\/09\/IMG_2625-200x200.jpg 200w\" sizes=\"auto, (max-width: 150px) 100vw, 150px\" \/><\/a> <a href=\"http:\/\/spdwoelfersheim.de\/wp-content\/uploads\/2015\/09\/IMG_2622-0.jpg\"><img loading=\"lazy\" decoding=\"async\" class=\"alignnone size-medium wp-image-344\" src=\"http:\/\/spdwoelfersheim.de\/wp-content\/uploads\/2015\/09\/IMG_2622-0-300x225.jpg\" alt=\"IMG_2622-0.jpg\" width=\"300\" height=\"225\" srcset=\"http:\/\/spdwoelfersheim.de\/wp-content\/uploads\/2015\/09\/IMG_2622-0-300x225.jpg 300w, http:\/\/spdwoelfersheim.de\/wp-content\/uploads\/2015\/09\/IMG_2622-0-1024x768.jpg 1024w\" sizes=\"auto, (max-width: 300px) 100vw, 300px\" \/><\/a><\/p>\n","protected":false},"excerpt":{"rendered":"<p>Anfang des Jahres \u00fcberschlugen sich am Schulstandort W\u00f6lfersheim die Ereignisse: Nachdem das Hessische Kultusministerium die Genehmigung der Oberstufe angek\u00fcndigt hatte, verhandelte die Gemeinde im Eiltempo einen Umsetzungsvertrag mit dem Wetteraukreis, damit die Oberstufe erfolgreich starten kann. Die W\u00f6lfersheimer SPD hat die Einrichtung der Oberstufe immer vorbehaltlos unterst\u00fctzt und die entsprechenden Beschl\u00fcsse stets mitgetragen. Daher wollte [&hellip;]<\/p>\n","protected":false},"author":2,"featured_media":344,"comment_status":"closed","ping_status":"open","sticky":false,"template":"","format":"standard","meta":{"rop_custom_images_group":[],"rop_custom_messages_group":[],"rop_publish_now":"initial","rop_publish_now_accounts":[],"rop_publish_now_history":[],"rop_publish_now_status":"pending","footnotes":""},"categories":[1],"tags":[111,109,54,110,53,36,108,107,96],"class_list":["post-345","post","type-post","status-publish","format-standard","has-post-thumbnail","hentry","category-allgemein","tag-abi2018","tag-fraktion","tag-oberstufe","tag-sbs","tag-singbergschule","tag-spd","tag-spd-vor-ort","tag-vor-ort","tag-woelfersheim"],"_links":{"self":[{"href":"http:\/\/spdwoelfersheim.de\/index.php?rest_route=\/wp\/v2\/posts\/345","targetHints":{"allow":["GET"]}}],"collection":[{"href":"http:\/\/spdwoelfersheim.de\/index.php?rest_route=\/wp\/v2\/posts"}],"about":[{"href":"http:\/\/spdwoelfersheim.de\/index.php?rest_route=\/wp\/v2\/types\/post"}],"author":[{"embeddable":true,"href":"http:\/\/spdwoelfersheim.de\/index.php?rest_route=\/wp\/v2\/users\/2"}],"replies":[{"embeddable":true,"href":"http:\/\/spdwoelfersheim.de\/index.php?rest_route=%2Fwp%2Fv2%2Fcomments&post=345"}],"version-history":[{"count":3,"href":"http:\/\/spdwoelfersheim.de\/index.php?rest_route=\/wp\/v2\/posts\/345\/revisions"}],"predecessor-version":[{"id":349,"href":"http:\/\/spdwoelfersheim.de\/index.php?rest_route=\/wp\/v2\/posts\/345\/revisions\/349"}],"wp:featuredmedia":[{"embeddable":true,"href":"http:\/\/spdwoelfersheim.de\/index.php?rest_route=\/wp\/v2\/media\/344"}],"wp:attachment":[{"href":"http:\/\/spdwoelfersheim.de\/index.php?rest_route=%2Fwp%2Fv2%2Fmedia&parent=345"}],"wp:term":[{"taxonomy":"category","embeddable":true,"href":"http:\/\/spdwoelfersheim.de\/index.php?rest_route=%2Fwp%2Fv2%2Fcategories&post=345"},{"taxonomy":"post_tag","embeddable":true,"href":"http:\/\/spdwoelfersheim.de\/index.php?rest_route=%2Fwp%2Fv2%2Ftags&post=345"}],"curies":[{"name":"wp","href":"https:\/\/api.w.org\/{rel}","templated":true}]}}