{"id":353,"date":"2015-10-01T18:35:30","date_gmt":"2015-10-01T16:35:30","guid":{"rendered":"http:\/\/spdwoelfersheim.de\/?p=353"},"modified":"2015-10-01T18:35:30","modified_gmt":"2015-10-01T16:35:30","slug":"spd-informationsbesuch-in-berstadt","status":"publish","type":"post","link":"http:\/\/spdwoelfersheim.de\/?p=353","title":{"rendered":"SPD-Informationsbesuch in Berstadt"},"content":{"rendered":"<p>Einen informativen \u00dcberblick verschaffte sich k\u00fcrzlich die SPD-Fraktion bei ihrer Ortsbegehung im W\u00f6lfersheimer Ortsteil Berstadt. Nachdem die Mitglieder der Fraktion umweltbewu\u00dft mit dem Bus angereist waren, startete die Besichtigungstour im Baugebiet \u201e\u00dcber den Holderg\u00e4rten\u201c. Der Berst\u00e4dter Genosse Horst Hahn begleite die Parlamentarier ortskundig durch die Ortsmitte. Er wies die Mitglieder der SPD-Fraktion beim Besuch des Friedhofsgel\u00e4ndes auf die recht gro\u00dfen Freifl\u00e4chen hin. Diese bieten zuk\u00fcnftig gestalterische Entwicklungsm\u00f6glichkeiten, da der Wunsch nach Beerdigungen in herk\u00f6mmlichen Reihengr\u00e4bern sinke, best\u00e4tigte auch Michael Schmidt, der stellvertretende Vorsitzende des Bauausschusses. Auch der Platz an der Kreuzung Untergasse\/B\u00e4ckergasse sowie der Platz Br\u00fcckenstra\u00dfe\/Einfahrt Oberpforte bieten sich zur Umgestaltung an, fanden die Parlamentarier. Bei zuk\u00fcnftigen Planungen k\u00f6nnte dies ber\u00fccksichtigt werden. Am alten Kindergarten mussten die SPD-Mitglieder feststellen, wie sehr das Geb\u00e4ude nach relativ kurzem Leerstand bereits gelitten hat: Da das Dach teilweise undicht ist, Teile der Au\u00dfenwand zu erneuern sind und die Sanit\u00e4ranlagen marode sind, ist eine gr\u00f6\u00dfere Sanierung notwendig. \u201eDas Geb\u00e4ude und insbesondere das Grundst\u00fcck mit seiner ansprechenden Lage sind aber durchaus den Aufwand einer Instandsetzung wert\u201c, betonte Schmidt. Im Investitionsplan der Gemeinde sind daf\u00fcr bereits \u00fcber 250.000 \u20acuro vorgesehen. Zun\u00e4chst sollen darin Fl\u00fcchtlinge eine sichere Unterkunft finden. Sp\u00e4ter steht das Geb\u00e4ude zur Nachnutzung als \u00f6ffentlicher Wohnraum zur Verf\u00fcgung. Entlang der \u201eW\u00e4schbach\u201c f\u00fchrte der Rundgang bis in die Kellergasse, wo die Fraktionsmitglieder die Eing\u00e4nge zu den alten Kellern entdeckten, die allerdings vor langer Zeit aus Sicherheitsgr\u00fcnden verf\u00fcllt worden waren und nun keine Funktion mehr haben, was angesichts des bevorstehenden 1200-Jahr-Feier im kommenden Jahr bedauert wurde. So konnten die Mitglieder der SPD-Fraktion doch einige Anregungen in die Gastst\u00e4tte \u201eZur Br\u00fccke\u201c mitnehmen, wo man die Zeit bis zur Heimfahrt mit der Buslinie 363 nutze, um bei einer deftigen Brotzeit die neuen Eindr\u00fccke zu besprechen.<br \/>\n&nbsp;<a href=\"http:\/\/spdwoelfersheim.de\/wp-content\/uploads\/2015\/10\/IMG_2641.jpg\"><img loading=\"lazy\" decoding=\"async\" width=\"200\" height=\"150\" alt=\"\" src=\"http:\/\/spdwoelfersheim.de\/wp-content\/uploads\/2015\/10\/IMG_2641.jpg\" title=\"\" class=\"alignleft size-thumbnail\"><\/a>&nbsp;&nbsp;<br \/>\n<a href=\"http:\/\/spdwoelfersheim.de\/wp-content\/uploads\/2015\/10\/IMG_2640.jpg\"><img loading=\"lazy\" decoding=\"async\" width=\"200\" height=\"150\" alt=\"\" src=\"http:\/\/spdwoelfersheim.de\/wp-content\/uploads\/2015\/10\/IMG_2640.jpg\" title=\"\" class=\"alignleft size-thumbnail\"><\/a>&nbsp;&nbsp;&nbsp;<\/p>\n<p>&nbsp;<\/p>\n","protected":false},"excerpt":{"rendered":"<p>Einen informativen \u00dcberblick verschaffte sich k\u00fcrzlich die SPD-Fraktion bei ihrer Ortsbegehung im W\u00f6lfersheimer Ortsteil Berstadt. Nachdem die Mitglieder der Fraktion umweltbewu\u00dft mit dem Bus angereist waren, startete die Besichtigungstour im Baugebiet \u201e\u00dcber den Holderg\u00e4rten\u201c. Der Berst\u00e4dter Genosse Horst Hahn begleite die Parlamentarier ortskundig durch die Ortsmitte. Er wies die Mitglieder der SPD-Fraktion beim Besuch des [&hellip;]<\/p>\n","protected":false},"author":2,"featured_media":352,"comment_status":"closed","ping_status":"open","sticky":false,"template":"","format":"standard","meta":{"rop_custom_images_group":[],"rop_custom_messages_group":[],"rop_publish_now":"initial","rop_publish_now_accounts":[],"rop_publish_now_history":[],"rop_publish_now_status":"pending","footnotes":""},"categories":[1],"tags":[93,36,116,108,107,117],"class_list":["post-353","post","type-post","status-publish","format-standard","has-post-thumbnail","hentry","category-allgemein","tag-berstadt","tag-spd","tag-spd-berstadt","tag-spd-vor-ort","tag-vor-ort","tag-woelfersheimer-spd"],"_links":{"self":[{"href":"http:\/\/spdwoelfersheim.de\/index.php?rest_route=\/wp\/v2\/posts\/353","targetHints":{"allow":["GET"]}}],"collection":[{"href":"http:\/\/spdwoelfersheim.de\/index.php?rest_route=\/wp\/v2\/posts"}],"about":[{"href":"http:\/\/spdwoelfersheim.de\/index.php?rest_route=\/wp\/v2\/types\/post"}],"author":[{"embeddable":true,"href":"http:\/\/spdwoelfersheim.de\/index.php?rest_route=\/wp\/v2\/users\/2"}],"replies":[{"embeddable":true,"href":"http:\/\/spdwoelfersheim.de\/index.php?rest_route=%2Fwp%2Fv2%2Fcomments&post=353"}],"version-history":[{"count":1,"href":"http:\/\/spdwoelfersheim.de\/index.php?rest_route=\/wp\/v2\/posts\/353\/revisions"}],"predecessor-version":[{"id":354,"href":"http:\/\/spdwoelfersheim.de\/index.php?rest_route=\/wp\/v2\/posts\/353\/revisions\/354"}],"wp:featuredmedia":[{"embeddable":true,"href":"http:\/\/spdwoelfersheim.de\/index.php?rest_route=\/wp\/v2\/media\/352"}],"wp:attachment":[{"href":"http:\/\/spdwoelfersheim.de\/index.php?rest_route=%2Fwp%2Fv2%2Fmedia&parent=353"}],"wp:term":[{"taxonomy":"category","embeddable":true,"href":"http:\/\/spdwoelfersheim.de\/index.php?rest_route=%2Fwp%2Fv2%2Fcategories&post=353"},{"taxonomy":"post_tag","embeddable":true,"href":"http:\/\/spdwoelfersheim.de\/index.php?rest_route=%2Fwp%2Fv2%2Ftags&post=353"}],"curies":[{"name":"wp","href":"https:\/\/api.w.org\/{rel}","templated":true}]}}