{"id":357,"date":"2015-10-15T13:18:32","date_gmt":"2015-10-15T11:18:32","guid":{"rendered":"http:\/\/spdwoelfersheim.de\/?p=357"},"modified":"2015-10-15T20:54:05","modified_gmt":"2015-10-15T18:54:05","slug":"cdu-hat-keine-ahnung-von-finanzpolitik","status":"publish","type":"post","link":"http:\/\/spdwoelfersheim.de\/?p=357","title":{"rendered":"CDU hat keine Ahnung von Finanzpolitik"},"content":{"rendered":"<p>Die W\u00f6lfersheimer CDU hat k\u00fcrzlich eine Presseerkl\u00e4rung an die Wetterauer Zeitung geschickt. Darin schw\u00e4rmt sie von dem angeblichen \u201eGeldsegen\u201c, der aus Wiesbaden nach W\u00f6lfersheim komme und fordert eine Absenkung der Grundsteuer. Au\u00dferdem fragt sie zum wiederholten Male nach der Situation am W\u00f6lfersheimer See, obwohl unser B\u00fcrgermeister dies bereits mehrfach berichtet hat und auch erl\u00e4utert hat, dass es erst Ende des Jahres neue Erkenntnisse geben wird. Unser B\u00fcrgermeister Rouven K\u00f6tter antwortet gerne auf die CDU-Erkl\u00e4rung:&nbsp;<\/p>\n<p>Die Pressemitteilung der W\u00f6lfersheimer CDU offenbart zwei Punkte: Erstens, die Fraktionsspitze um die Herren Grenzebach und Wodarz hat keine Ahnung von Finanzpolitik. Zweitens, je n\u00e4her der Termin der Kommunalwahl r\u00fcckt, desto niedriger liegt bei der W\u00f6lfersheimer CDU die Hemmschwelle, populistische und verantwortungslose Forderungen oder Behauptungen aufzustellen. Beides wurde in der Vergangenheit schon \u00f6fter unter Beweis gestellt.<\/p>\n<p>&nbsp;<\/p>\n<p>Zum Inhaltlichen: Es stimmt, dass wir nach der vorliegenden Berechnung des Kommunalen Finanzausgleichs, die allerdings noch nicht abschlie\u00dfend gepr\u00fcft werden konnte, mehr Geld erhalten. Eines sollte allerdings nicht verschwiegen werden: Dieses Plus f\u00e4ngt nicht ann\u00e4hernd die Mehrkosten auf, die auch aufgrund der Vorgaben der schwarz-gr\u00fcnen Landesregierung durch neue Aufgaben, gestiegene Kosten und h\u00f6here Umlagen in den vergangenen Jahren von der Gemeinde W\u00f6lfersheim zu schultern waren. Das im letzten Jahr beschlossene Stabilit\u00e4tsprogramm war notwendig und verantwortungsvoll. Die darin beschlossenen Steuererh\u00f6hungen lagen weit unter denen, die vom CDU-gef\u00fchrten Finanzministerium in Hessen gefordert wurden und weiter gefordert werden. Wer vor diesem Hintergrund von Geldsegen spricht und Steuersenkungen fordert, hat entweder keine Ahnung von Finanzpolitik oder es ist ihm egal, wie es um die Handlungs- und Zukunftsf\u00e4higkeit der Gemeinde bestellt ist. Im vorliegenden Fall ist es wahrscheinlich leider eine Mischung aus beidem.<\/p>\n<p>&nbsp;<\/p>\n<p>Zum W\u00f6lfersheimer See: Ich habe dies der CDU auf Anfrage des Fraktionsvorsitzenden Herrn Grenzebach schon zig Mal erl\u00e4utert und einen klaren Zeitplan abgesteckt. In der kommenden Sitzung der Gemeindevertretung stellt er die gleiche Frage dennoch erneut. Ich werde diese nicht beantworten, sondern auf meine bereits erfolgten Antworten auf die gleiche Frage verweisen: Es gibt ein Handlungskonzept zur Verbesserung der Wasserqualit\u00e4t am W\u00f6lfersheimer See, der \u00fcbrigens diesen trockenen, hei\u00dfen Sommer hervorragend \u00fcberstanden hat. Um ein fundiertes Sanierungskonzept zu erarbeiten muss der See \u00fcber das gesamte Jahr 2015 hinweg mehrfach untersucht werden. Diese Phase l\u00e4uft momentan. Die Ergebnisse liegen uns in Form eines Berichtes fr\u00fchestens Ende des Jahres vor. Erst dann kann sinnvoll und effektiv gehandelt werden. Das \u00e4ndert sich auch dann nicht, wenn die CDU noch zehn Mal nachfragt und in der Presse inhaltsleere Forderungen formuliert. Auch hier l\u00e4sst der aufkeimende Kommunalwahlkampf deutlich gr\u00fc\u00dfen!<\/p>\n","protected":false},"excerpt":{"rendered":"<p>Die W\u00f6lfersheimer CDU hat k\u00fcrzlich eine Presseerkl\u00e4rung an die Wetterauer Zeitung geschickt. Darin schw\u00e4rmt sie von dem angeblichen \u201eGeldsegen\u201c, der aus Wiesbaden nach W\u00f6lfersheim komme und fordert eine Absenkung der Grundsteuer. Au\u00dferdem fragt sie zum wiederholten Male nach der Situation am W\u00f6lfersheimer See, obwohl unser B\u00fcrgermeister dies bereits mehrfach berichtet hat und auch erl\u00e4utert hat, [&hellip;]<\/p>\n","protected":false},"author":2,"featured_media":355,"comment_status":"closed","ping_status":"open","sticky":false,"template":"","format":"standard","meta":{"rop_custom_images_group":[],"rop_custom_messages_group":[],"rop_publish_now":"initial","rop_publish_now_accounts":[],"rop_publish_now_history":[],"rop_publish_now_status":"pending","footnotes":""},"categories":[1],"tags":[73,119,120,121,124,118,122,123,36],"class_list":["post-357","post","type-post","status-publish","format-standard","has-post-thumbnail","hentry","category-allgemein","tag-buergermeister","tag-cdu","tag-finanzen","tag-finanzpolitik","tag-hessen","tag-koetter","tag-land","tag-schluesselzuweisung","tag-spd"],"_links":{"self":[{"href":"http:\/\/spdwoelfersheim.de\/index.php?rest_route=\/wp\/v2\/posts\/357","targetHints":{"allow":["GET"]}}],"collection":[{"href":"http:\/\/spdwoelfersheim.de\/index.php?rest_route=\/wp\/v2\/posts"}],"about":[{"href":"http:\/\/spdwoelfersheim.de\/index.php?rest_route=\/wp\/v2\/types\/post"}],"author":[{"embeddable":true,"href":"http:\/\/spdwoelfersheim.de\/index.php?rest_route=\/wp\/v2\/users\/2"}],"replies":[{"embeddable":true,"href":"http:\/\/spdwoelfersheim.de\/index.php?rest_route=%2Fwp%2Fv2%2Fcomments&post=357"}],"version-history":[{"count":2,"href":"http:\/\/spdwoelfersheim.de\/index.php?rest_route=\/wp\/v2\/posts\/357\/revisions"}],"predecessor-version":[{"id":359,"href":"http:\/\/spdwoelfersheim.de\/index.php?rest_route=\/wp\/v2\/posts\/357\/revisions\/359"}],"wp:featuredmedia":[{"embeddable":true,"href":"http:\/\/spdwoelfersheim.de\/index.php?rest_route=\/wp\/v2\/media\/355"}],"wp:attachment":[{"href":"http:\/\/spdwoelfersheim.de\/index.php?rest_route=%2Fwp%2Fv2%2Fmedia&parent=357"}],"wp:term":[{"taxonomy":"category","embeddable":true,"href":"http:\/\/spdwoelfersheim.de\/index.php?rest_route=%2Fwp%2Fv2%2Fcategories&post=357"},{"taxonomy":"post_tag","embeddable":true,"href":"http:\/\/spdwoelfersheim.de\/index.php?rest_route=%2Fwp%2Fv2%2Ftags&post=357"}],"curies":[{"name":"wp","href":"https:\/\/api.w.org\/{rel}","templated":true}]}}