{"id":361,"date":"2015-10-26T14:16:29","date_gmt":"2015-10-26T12:16:29","guid":{"rendered":"http:\/\/spdwoelfersheim.de\/?p=361"},"modified":"2015-10-26T14:16:29","modified_gmt":"2015-10-26T12:16:29","slug":"spd-informationsbesuch-in-melbach","status":"publish","type":"post","link":"http:\/\/spdwoelfersheim.de\/?p=361","title":{"rendered":"SPD-Informationsbesuch in Melbach"},"content":{"rendered":"<p>Einen informativen \u00dcberblick verschaffte sich k\u00fcrzlich die SPD-Fraktion in der W\u00f6lfersheimer Gemeindevertretung bei ihrer Ortsbegehung im Ortsteil Melbach. Die Tour startete am Melbacher B\u00fcrgerhaus und ging in Richtung Bahnhof, vorbei an der Ecke Erbsengasse\/Haingraben. Diese wird auf Antrag der SPD mit einem vergr\u00f6\u00dferten Sitzbereich zu einem netteren Treffpunkt umgestaltet werden. Am Bahnhof erl\u00e4uterte B\u00fcrgermeister Rouven K\u00f6tter den Parlamentariern den geplanten Umbau des Bahnsteigs auf ein h\u00f6heres Niveau, so dass zuk\u00fcnftig Gehbehinderte oder auch Eltern mit Kleinkindern barrierefrei Z\u00fcge benutzen k\u00f6nnen. \u00dcber die komplett erneuerte Beienheimer Strasse f\u00fchrte der Rundgang zur Kreuzung Erbsengasse\/Gro\u00dfe Gasse, wo man sich \u00fcber die Tiefbauarbeiten zur grundhaften Erneuerung des gesamten Kanalisations- und Leitungssystems informierte. Hier wird die Gemeinde auch die Gelegenheit nutzen, den St\u00fctzpunkt der Melbacher Feuerwehr baulich zu verbessern und aufzuwerten. Abschlie\u00dfend konnten die SPD-Gemeindevertreter den Baufortschritt am denkmalgesch\u00fctzten alten Melbacher Pfarrhaus in Augenschein nehmen. &#8211; Da die W\u00f6lfersheimer SPD gerne auch das N\u00fctzliche mit dem Angenehmen verbindet, traf man sich danach zum gemeinsamen Mittagessen beim Kartoffelfest des Arbeitskreises Dorfentwicklung im Ortsteil Wohnbach wieder.<br \/>\n<a href=\"http:\/\/spdwoelfersheim.de\/wp-content\/uploads\/2015\/10\/Melbach.jpg\"><img loading=\"lazy\" decoding=\"async\" class=\"alignnone size-thumbnail wp-image-362\" src=\"http:\/\/spdwoelfersheim.de\/wp-content\/uploads\/2015\/10\/Melbach-150x150.jpg\" alt=\"Melbach\" width=\"150\" height=\"150\" srcset=\"http:\/\/spdwoelfersheim.de\/wp-content\/uploads\/2015\/10\/Melbach-150x150.jpg 150w, http:\/\/spdwoelfersheim.de\/wp-content\/uploads\/2015\/10\/Melbach-200x200.jpg 200w, http:\/\/spdwoelfersheim.de\/wp-content\/uploads\/2015\/10\/Melbach-144x144.jpg 144w\" sizes=\"auto, (max-width: 150px) 100vw, 150px\" \/><\/a> <a href=\"http:\/\/spdwoelfersheim.de\/wp-content\/uploads\/2015\/10\/Melbach-SPD-Gruppe.jpg\"><img loading=\"lazy\" decoding=\"async\" class=\"alignnone size-thumbnail wp-image-363\" src=\"http:\/\/spdwoelfersheim.de\/wp-content\/uploads\/2015\/10\/Melbach-SPD-Gruppe-150x150.jpg\" alt=\"Melbach SPD Gruppe\" width=\"150\" height=\"150\" srcset=\"http:\/\/spdwoelfersheim.de\/wp-content\/uploads\/2015\/10\/Melbach-SPD-Gruppe-150x150.jpg 150w, http:\/\/spdwoelfersheim.de\/wp-content\/uploads\/2015\/10\/Melbach-SPD-Gruppe-200x200.jpg 200w, http:\/\/spdwoelfersheim.de\/wp-content\/uploads\/2015\/10\/Melbach-SPD-Gruppe-144x144.jpg 144w\" sizes=\"auto, (max-width: 150px) 100vw, 150px\" \/><\/a><\/p>\n","protected":false},"excerpt":{"rendered":"<p>Einen informativen \u00dcberblick verschaffte sich k\u00fcrzlich die SPD-Fraktion in der W\u00f6lfersheimer Gemeindevertretung bei ihrer Ortsbegehung im Ortsteil Melbach. Die Tour startete am Melbacher B\u00fcrgerhaus und ging in Richtung Bahnhof, vorbei an der Ecke Erbsengasse\/Haingraben. Diese wird auf Antrag der SPD mit einem vergr\u00f6\u00dferten Sitzbereich zu einem netteren Treffpunkt umgestaltet werden. Am Bahnhof erl\u00e4uterte B\u00fcrgermeister Rouven [&hellip;]<\/p>\n","protected":false},"author":2,"featured_media":363,"comment_status":"closed","ping_status":"open","sticky":false,"template":"","format":"standard","meta":{"rop_custom_images_group":[],"rop_custom_messages_group":[],"rop_publish_now":"initial","rop_publish_now_accounts":[],"rop_publish_now_history":[],"rop_publish_now_status":"pending","footnotes":""},"categories":[1],"tags":[125,126,22,127,36,37,108,38,107],"class_list":["post-361","post","type-post","status-publish","format-standard","has-post-thumbnail","hentry","category-allgemein","tag-besuch","tag-informationsbesuch","tag-melbach","tag-rundgang","tag-spd","tag-spd-melbach","tag-spd-vor-ort","tag-spd-woelfersheim","tag-vor-ort"],"_links":{"self":[{"href":"http:\/\/spdwoelfersheim.de\/index.php?rest_route=\/wp\/v2\/posts\/361","targetHints":{"allow":["GET"]}}],"collection":[{"href":"http:\/\/spdwoelfersheim.de\/index.php?rest_route=\/wp\/v2\/posts"}],"about":[{"href":"http:\/\/spdwoelfersheim.de\/index.php?rest_route=\/wp\/v2\/types\/post"}],"author":[{"embeddable":true,"href":"http:\/\/spdwoelfersheim.de\/index.php?rest_route=\/wp\/v2\/users\/2"}],"replies":[{"embeddable":true,"href":"http:\/\/spdwoelfersheim.de\/index.php?rest_route=%2Fwp%2Fv2%2Fcomments&post=361"}],"version-history":[{"count":1,"href":"http:\/\/spdwoelfersheim.de\/index.php?rest_route=\/wp\/v2\/posts\/361\/revisions"}],"predecessor-version":[{"id":364,"href":"http:\/\/spdwoelfersheim.de\/index.php?rest_route=\/wp\/v2\/posts\/361\/revisions\/364"}],"wp:featuredmedia":[{"embeddable":true,"href":"http:\/\/spdwoelfersheim.de\/index.php?rest_route=\/wp\/v2\/media\/363"}],"wp:attachment":[{"href":"http:\/\/spdwoelfersheim.de\/index.php?rest_route=%2Fwp%2Fv2%2Fmedia&parent=361"}],"wp:term":[{"taxonomy":"category","embeddable":true,"href":"http:\/\/spdwoelfersheim.de\/index.php?rest_route=%2Fwp%2Fv2%2Fcategories&post=361"},{"taxonomy":"post_tag","embeddable":true,"href":"http:\/\/spdwoelfersheim.de\/index.php?rest_route=%2Fwp%2Fv2%2Ftags&post=361"}],"curies":[{"name":"wp","href":"https:\/\/api.w.org\/{rel}","templated":true}]}}