{"id":376,"date":"2015-12-01T21:21:01","date_gmt":"2015-12-01T19:21:01","guid":{"rendered":"http:\/\/spdwoelfersheim.de\/?p=376"},"modified":"2015-12-01T21:21:01","modified_gmt":"2015-12-01T19:21:01","slug":"spd-woelfersheim-nominiert-kandidaten-fuer-kommunalwahl","status":"publish","type":"post","link":"http:\/\/spdwoelfersheim.de\/?p=376","title":{"rendered":"SPD W\u00f6lfersheim nominiert Kandidaten f\u00fcr Kommunalwahl"},"content":{"rendered":"<p>W\u00e4hrend ihrer Halbjahresmitgliederversammlung nominierte die W\u00f6lfersheimer SPD k\u00fcrzlich ihre Kandidatinnen und Kandidaten f\u00fcr die Kommunalwahl am 6. M\u00e4rz kommenden Jahres. Im Auftrag der Wahlkampfkommission pr\u00e4sentierte Vorsitzender Gerhard Weber den Mitgliedern einen Wahlvorschlag mit Vertretern aus allen 5 W\u00f6lfersheimer Ortsteilen mit einem ausgewogenen Anteil an Frauen und M\u00e4nnern. \u201e Die Mannschaft, die ich euch zur Diskussion stelle, ist eine prima Mischung von jungen und erfahrenen Kandidaten aus allen Berufsgruppen und Lebensbereichen, die die Vielfalt unserer Gemeinde in hervorragender Weise repr\u00e4sentieren\u201c, stellte Weber die Liste vor. Nach der Aussprache wurde \u00fcber die Kandidatenliste in geheimer Wahl abgestimmt. Das einstimmige Abstimmungsergebnis best\u00e4tigte die gute Vorarbeit in den Ortsbezirken und in der Wahlkampfkommission. Demnach f\u00fchrt B\u00fcrgermeister Rouven K\u00f6tter als Spitzenkandidat die Liste an. Danach wechseln sich, gem\u00e4\u00df den Parteistatuten, Frauen und M\u00e4nner parit\u00e4tisch ab: An zweiter Stelle steht Rita Rie\u00df, gefolgt vom Vorsitzenden Gerhard Weber und Magda Gerlach. Auf den weiteren Pl\u00e4tzen bis Platz 29 folgen Fraktionsvorsitzender Karl Ernst Pulkert, Carmen K\u00f6rschner, Michael Kr\u00e4h, Gabriele von Bechtolsheim, Rudger Rauch, Melanie Block, Michael Schmidt, Angelika Pulkert, Gerhard Fuchs, Susanne Beimel, Jens Dieffenbach, Loni Konietzke, Rainer Lindt, Gertrud Sauer, Michael Debes, Claudia G\u00f6bel, Matthias Appel, Nina Gerlach, Sven Oleschko, Cordula G\u00f6bel, Friedhelm Philipps, Jens Escher, Michael Millies, Stefan Bodem und Karl-Otto Waas. Dr. J\u00fcrgen Polster und Manfred Sauer bilden auf den Pl\u00e4tzen 30 und 31 den Abschluss, beide mit der Option auf einen Platz im Gemeindevorstand. Vorsitzender Weber bedankte sich f\u00fcr das eindeutige Vertrauen in diesen Wahlvorschlag und betonte, dass diese Kandidatenliste einen bemerkenswerten Meinungsquerschnitt darstelle, der W\u00f6lfersheim auf dem eingeschlagenen Weg der guten Entscheidungen f\u00fcr das Wohl der Gemeinde fortfahren lassen k\u00f6nne. So aufgestellt schicke die SPD eine ausgesprochen kompetente Mannschaft in den Kommunalwahlkampf. Die vollst\u00e4ndige Liste mit insgesamt 64 Kandidaten werde demn\u00e4chst im SPD-B\u00fcrgersgespr\u00e4ch ver\u00f6ffentlicht werden, versprach Weber.<br \/>\nLandrat und SPD-Unterbezirksvorsitzender Joachim Arnold, selbst Mitglied im W\u00f6lfersheimer SPD-Ortsverein, wurde in der Versammlung \u00fcberrascht, als ihn Ortsvereinsvorsitzender Weber eine au\u00dfergew\u00f6hnliche Ehrung zuteil werden lie\u00df: \u201e22 Jahre lang hast du als stellvertretender Vorsitzender den SPD-Ortsverein W\u00f6lfersheim ma\u00dfgeblich gepr\u00e4gt. Daf\u00fcr geb\u00fchrt dir unsere besondere Anerkennung!\u201c Mit einer Urkunde und einem kleinen Pr\u00e4sent dankte Weber im Namen des Ortsvereins seinem langj\u00e4hrigen Stellvertreter.<\/p>\n<p>Bildunterschtift Ehrung Joachim Arnold (von links nach rechts)<br \/>\nB\u00fcrgermeister Rouven K\u00f6tter, Stellvertretender SPD-Ortsvereinsvorsitzender Michael Schmidt, Landrat Joachim Arnold, Ortsvereinsvorsitzender Gerhard Weber<\/p>\n<p><a href=\"http:\/\/spdwoelfersheim.de\/wp-content\/uploads\/2015\/12\/2015-Landrat-ehrenhalber.jpg\"><img loading=\"lazy\" decoding=\"async\" class=\"alignnone size-thumbnail wp-image-377\" src=\"http:\/\/spdwoelfersheim.de\/wp-content\/uploads\/2015\/12\/2015-Landrat-ehrenhalber-150x150.jpg\" alt=\"2015 Landrat ehrenhalber\" width=\"150\" height=\"150\" srcset=\"http:\/\/spdwoelfersheim.de\/wp-content\/uploads\/2015\/12\/2015-Landrat-ehrenhalber-150x150.jpg 150w, http:\/\/spdwoelfersheim.de\/wp-content\/uploads\/2015\/12\/2015-Landrat-ehrenhalber-200x200.jpg 200w, http:\/\/spdwoelfersheim.de\/wp-content\/uploads\/2015\/12\/2015-Landrat-ehrenhalber-144x144.jpg 144w\" sizes=\"auto, (max-width: 150px) 100vw, 150px\" \/><\/a><\/p>\n","protected":false},"excerpt":{"rendered":"<p>W\u00e4hrend ihrer Halbjahresmitgliederversammlung nominierte die W\u00f6lfersheimer SPD k\u00fcrzlich ihre Kandidatinnen und Kandidaten f\u00fcr die Kommunalwahl am 6. M\u00e4rz kommenden Jahres. Im Auftrag der Wahlkampfkommission pr\u00e4sentierte Vorsitzender Gerhard Weber den Mitgliedern einen Wahlvorschlag mit Vertretern aus allen 5 W\u00f6lfersheimer Ortsteilen mit einem ausgewogenen Anteil an Frauen und M\u00e4nnern. \u201e Die Mannschaft, die ich euch zur Diskussion [&hellip;]<\/p>\n","protected":false},"author":2,"featured_media":377,"comment_status":"closed","ping_status":"open","sticky":false,"template":"","format":"standard","meta":{"rop_custom_images_group":[],"rop_custom_messages_group":[],"rop_publish_now":"initial","rop_publish_now_accounts":[],"rop_publish_now_history":[],"rop_publish_now_status":"pending","footnotes":""},"categories":[1],"tags":[93,141,65,11,138,136,139,140,22,64,137,29,74,36,38,135,96],"class_list":["post-376","post","type-post","status-publish","format-standard","has-post-thumbnail","hentry","category-allgemein","tag-berstadt","tag-ehrung","tag-gerhard-weber","tag-joachim-arnold","tag-kandidaten","tag-kommunalwahl","tag-kommunalwahlliste","tag-liste","tag-melbach","tag-michael-schmidt","tag-politik","tag-rouven-koetter","tag-soedel","tag-spd","tag-spd-woelfersheim","tag-wohnbach","tag-woelfersheim"],"_links":{"self":[{"href":"http:\/\/spdwoelfersheim.de\/index.php?rest_route=\/wp\/v2\/posts\/376","targetHints":{"allow":["GET"]}}],"collection":[{"href":"http:\/\/spdwoelfersheim.de\/index.php?rest_route=\/wp\/v2\/posts"}],"about":[{"href":"http:\/\/spdwoelfersheim.de\/index.php?rest_route=\/wp\/v2\/types\/post"}],"author":[{"embeddable":true,"href":"http:\/\/spdwoelfersheim.de\/index.php?rest_route=\/wp\/v2\/users\/2"}],"replies":[{"embeddable":true,"href":"http:\/\/spdwoelfersheim.de\/index.php?rest_route=%2Fwp%2Fv2%2Fcomments&post=376"}],"version-history":[{"count":1,"href":"http:\/\/spdwoelfersheim.de\/index.php?rest_route=\/wp\/v2\/posts\/376\/revisions"}],"predecessor-version":[{"id":378,"href":"http:\/\/spdwoelfersheim.de\/index.php?rest_route=\/wp\/v2\/posts\/376\/revisions\/378"}],"wp:featuredmedia":[{"embeddable":true,"href":"http:\/\/spdwoelfersheim.de\/index.php?rest_route=\/wp\/v2\/media\/377"}],"wp:attachment":[{"href":"http:\/\/spdwoelfersheim.de\/index.php?rest_route=%2Fwp%2Fv2%2Fmedia&parent=376"}],"wp:term":[{"taxonomy":"category","embeddable":true,"href":"http:\/\/spdwoelfersheim.de\/index.php?rest_route=%2Fwp%2Fv2%2Fcategories&post=376"},{"taxonomy":"post_tag","embeddable":true,"href":"http:\/\/spdwoelfersheim.de\/index.php?rest_route=%2Fwp%2Fv2%2Ftags&post=376"}],"curies":[{"name":"wp","href":"https:\/\/api.w.org\/{rel}","templated":true}]}}