{"id":379,"date":"2015-12-01T21:25:46","date_gmt":"2015-12-01T19:25:46","guid":{"rendered":"http:\/\/spdwoelfersheim.de\/?p=379"},"modified":"2015-12-01T21:25:46","modified_gmt":"2015-12-01T19:25:46","slug":"das-rote-buch-von-woelfersheim","status":"publish","type":"post","link":"http:\/\/spdwoelfersheim.de\/?p=379","title":{"rendered":"Das \u201eRote Buch\u201c von W\u00f6lfersheim"},"content":{"rendered":"<p>Im Jahr 2013 feierte die W\u00f6lfersheimer SPD ihr 100-j\u00e4hriges Bestehen. Die Geschichte der Partei wurde zu diesem Anlass den Besuchern als Ausstellung pr\u00e4sentiert und anschlie\u00dfend das gesamte Material digitalisiert. Der Melbacher SPD-Genosse Dr.J\u00fcrgen Polster hat die damalige Chronik zum Ausgangspunkt genommen um die Geschichte der W\u00f6lfersheimer SPD von ihren Urspr\u00fcngen im Jahr 1913 bis heute auf knapp 400 Seiten in seinem \u201eRoten Buch\u201c zusammenzustellen. Das Digitalarchiv der Wetterauer Zeitung sowie die Beitr\u00e4ge der SPD-eigenen Zeitschrift \u201eB\u00fcrgergespr\u00e4ch\u201c waren dabei eine gro\u00dfe Hilfe. \u201eDieses Buch ist keine Chronik im strengen Sinne dieses Begriffes, es gibt zu viele L\u00fccken. Vielmehr sind die Beitr\u00e4ge Ausschnitte aus der Geschichte des Ortsvereins, aus denen die Arbeit der SPD-W\u00f6lfersheim f\u00fcr das Wohl der Gemeinde deutlich wird\u201c, beschreibt der Autor sein Werk. Darin wird zun\u00e4chst die Zeit von der Entstehung bis zum Verbot der SPD durch die Nazis im Jahr 1933 geschildert. Danach folgt eine Schilderung der politischen Verh\u00e4ltnisse in W\u00f6lfersheim bis zum Ende des Zweiten Weltkrieges. Die Neugr\u00fcndung der SPD im Jahr 1945 \u00fcber die Gebietsreform 1970 und die unruhige Zeit der Partei von 1980 bis 1990 hat Dr.Polster bis hin zur Konsolidierung der Partei und dem Wiedergewinn der politischen Mehrheit in weiteren Kapiteln interessant und anschaulich mit zahlreichen Bildern und Zeitungsausschnitten zusammengetragen. Das Buch kann \u00fcber die SPD W\u00f6lfersheim oder pers\u00f6nlich beim Autor (Dr.J\u00fcrgen Polster Tel. 06036-9138) erworben werden.<\/p>\n<p><a href=\"http:\/\/spdwoelfersheim.de\/wp-content\/uploads\/2015\/12\/Dr.J\u00fcrgen-Polster-und-sein-Rotes-Buch.jpg\"><img loading=\"lazy\" decoding=\"async\" class=\"alignnone size-thumbnail wp-image-380\" src=\"http:\/\/spdwoelfersheim.de\/wp-content\/uploads\/2015\/12\/Dr.J\u00fcrgen-Polster-und-sein-Rotes-Buch-150x150.jpg\" alt=\"Dr.J\u00fcrgen Polster und sein Rotes Buch\" width=\"150\" height=\"150\" srcset=\"http:\/\/spdwoelfersheim.de\/wp-content\/uploads\/2015\/12\/Dr.J\u00fcrgen-Polster-und-sein-Rotes-Buch-150x150.jpg 150w, http:\/\/spdwoelfersheim.de\/wp-content\/uploads\/2015\/12\/Dr.J\u00fcrgen-Polster-und-sein-Rotes-Buch-200x200.jpg 200w, http:\/\/spdwoelfersheim.de\/wp-content\/uploads\/2015\/12\/Dr.J\u00fcrgen-Polster-und-sein-Rotes-Buch-144x144.jpg 144w\" sizes=\"auto, (max-width: 150px) 100vw, 150px\" \/><\/a><\/p>\n","protected":false},"excerpt":{"rendered":"<p>Im Jahr 2013 feierte die W\u00f6lfersheimer SPD ihr 100-j\u00e4hriges Bestehen. Die Geschichte der Partei wurde zu diesem Anlass den Besuchern als Ausstellung pr\u00e4sentiert und anschlie\u00dfend das gesamte Material digitalisiert. Der Melbacher SPD-Genosse Dr.J\u00fcrgen Polster hat die damalige Chronik zum Ausgangspunkt genommen um die Geschichte der W\u00f6lfersheimer SPD von ihren Urspr\u00fcngen im Jahr 1913 bis heute [&hellip;]<\/p>\n","protected":false},"author":2,"featured_media":380,"comment_status":"closed","ping_status":"open","sticky":false,"template":"","format":"standard","meta":{"rop_custom_images_group":[],"rop_custom_messages_group":[],"rop_publish_now":"initial","rop_publish_now_accounts":[],"rop_publish_now_history":[],"rop_publish_now_status":"pending","footnotes":""},"categories":[1],"tags":[143,142,145,144,36],"class_list":["post-379","post","type-post","status-publish","format-standard","has-post-thumbnail","hentry","category-allgemein","tag-chronik","tag-dr-juergen-polster","tag-parteichronik","tag-rotes-buch","tag-spd"],"_links":{"self":[{"href":"http:\/\/spdwoelfersheim.de\/index.php?rest_route=\/wp\/v2\/posts\/379","targetHints":{"allow":["GET"]}}],"collection":[{"href":"http:\/\/spdwoelfersheim.de\/index.php?rest_route=\/wp\/v2\/posts"}],"about":[{"href":"http:\/\/spdwoelfersheim.de\/index.php?rest_route=\/wp\/v2\/types\/post"}],"author":[{"embeddable":true,"href":"http:\/\/spdwoelfersheim.de\/index.php?rest_route=\/wp\/v2\/users\/2"}],"replies":[{"embeddable":true,"href":"http:\/\/spdwoelfersheim.de\/index.php?rest_route=%2Fwp%2Fv2%2Fcomments&post=379"}],"version-history":[{"count":2,"href":"http:\/\/spdwoelfersheim.de\/index.php?rest_route=\/wp\/v2\/posts\/379\/revisions"}],"predecessor-version":[{"id":1359,"href":"http:\/\/spdwoelfersheim.de\/index.php?rest_route=\/wp\/v2\/posts\/379\/revisions\/1359"}],"wp:featuredmedia":[{"embeddable":true,"href":"http:\/\/spdwoelfersheim.de\/index.php?rest_route=\/wp\/v2\/media\/380"}],"wp:attachment":[{"href":"http:\/\/spdwoelfersheim.de\/index.php?rest_route=%2Fwp%2Fv2%2Fmedia&parent=379"}],"wp:term":[{"taxonomy":"category","embeddable":true,"href":"http:\/\/spdwoelfersheim.de\/index.php?rest_route=%2Fwp%2Fv2%2Fcategories&post=379"},{"taxonomy":"post_tag","embeddable":true,"href":"http:\/\/spdwoelfersheim.de\/index.php?rest_route=%2Fwp%2Fv2%2Ftags&post=379"}],"curies":[{"name":"wp","href":"https:\/\/api.w.org\/{rel}","templated":true}]}}